{"id":1531,"date":"2024-05-15T01:24:18","date_gmt":"2024-05-15T01:24:18","guid":{"rendered":"https:\/\/molinapanama.com\/es\/?p=1531"},"modified":"2026-01-18T18:02:19","modified_gmt":"2026-01-18T18:02:19","slug":"el-mal-uso-del-contrato-de-trabajo-por-tiempo-definido","status":"publish","type":"post","link":"https:\/\/molinapanama.com\/es\/el-mal-uso-del-contrato-de-trabajo-por-tiempo-definido\/","title":{"rendered":"El mal uso del contrato de trabajo por tiempo definido"},"content":{"rendered":"<p>A consulta nos llega con cierta frecuencia la situaci\u00f3n en que una empresa procura crear un contrato de trabajo por tiempo definido. No porque la empresa tenga una necesidad de llenar una plaza temporal, sino para evitar el generar estabilidad laboral para la persona contratada. Esta es una pr\u00e1ctica que no solo ri\u00f1e con la letra y esp\u00edritu de la ley laboral, sino que adem\u00e1s suele resultar contraproducente para el propio empleador.<\/p>\n<p>El art\u00edculo 75 del C\u00f3digo de Trabajo es clave.<\/p>\n<blockquote><p>Art\u00edculo 75.<\/p>\n<p>La cl\u00e1usula de duraci\u00f3n de un contrato por tiempo definido, no podr\u00e1 ser utilizada con el objeto de cubrir de una manera temporal un puesto de naturaleza permanente, salvo en los casos exceptuados en este C\u00f3digo.<\/p>\n<p>La duraci\u00f3n definida s\u00f3lo ser\u00e1 v\u00e1lida si consta expresamente en el contrato escrito, excepto en los casos se\u00f1alados en el art\u00edculo 67 y en cualquiera de las siguientes circunstancias:<\/p>\n<ol>\n<li>Cuando lo permita la naturaleza del trabajo que constituye el objeto de la prestaci\u00f3n;<\/li>\n<li>Si tiene por objeto sustituir provisionalmente a un trabajador en uso de licencia, vacaciones o por cualquier otro impedimento temporal;<\/li>\n<li>En los dem\u00e1s casos previstos en este C\u00f3digo.<\/li>\n<\/ol>\n<p>La violaci\u00f3n de este art\u00edculo determina que, de pleno derecho, la relaci\u00f3n de trabajo sea de car\u00e1cter indefinido.<\/p><\/blockquote>\n<p>En principio, el empleador no debe contratar un trabajador por tiempo definido si la contrataci\u00f3n se hace con el objeto de cubrir una necesidad temporal en la empresa. La contrataci\u00f3n temporal debe responder a necesidades temporales en la empresa. Esto puede darse en general de dos maneras. La primera es que el trabajador va a desarrollar una actividad que la empresa requiere solo de modo temporal. La segunda, que trat\u00e1ndose de una necesidad permanente, la persona que desempe\u00f1a el puesto o las tareas correspondientes se encuentre temporalmente impedido de desempe\u00f1ar el cargo o las tareas de que se trate, debido a vacaciones, licencia o incapacidad.<\/p>\n<h4>El remedio: la cl\u00e1usula de per\u00edodo probatorio.<\/h4>\n<p>El per\u00edodo probatorio permite al empleador observar el desempe\u00f1o de un trabajador nuevo, antes de que este adquiera permanencia o estabilidad en el empleo. El per\u00edodo probatorio no es autom\u00e1tico. El empleador debe incluirlo de modo expreso en el contrato de trabajo. Puede ser de un m\u00e1ximo de noventa (90) d\u00edas. Durante el per\u00edodo probatorio, cualquiera de las partes puede terminar la relaci\u00f3n de modo unilateral, sin necesidad de dar justa causa y sin responsabilidad por dicha terminaci\u00f3n unilateral.<\/p>\n<h4><strong>El contrato por tiempo definido puede hacer m\u00e1s dif\u00edcil y oneroso el despido del trabajador<\/strong><\/h4>\n<p>Utilizar un contrato de tiempo definido para llenar una vacante cuya necesidad es de naturaleza permanente en la empresa, tiene m\u00e1s desventajas que ventajas.<\/p>\n<p>En primer lugar, la temporalidad puede ser declarada nula (art\u00edculo 75). Esto resultar\u00eda en que la relaci\u00f3n de trabajo sea considerada indefinida desde su inicio.<\/p>\n<p>En segundo lugar, en un contrato por tiempo definido el empleador no puede dar por terminada la relaci\u00f3n de trabajo sin una causa justificada. Digamos que el contrato fuese de tiempo definido por un (1) a\u00f1o. Digamos tambi\u00e9n que a los tres meses de iniciada la relaci\u00f3n de trabajo, el empleador decide darla por terminada. Si no tiene una causal de despido, el empleador para despedir tendr\u00eda que pagar al trabajador la totalidad de los salarios que este habr\u00eda de haber devengado durante la vigencia del contrato. Para este ejemplo, el equivalente a nueve meses de salario que restan de duraci\u00f3n del contrato.<\/p>\n<p>Por contraste, si el empleador hubiese contratado por tiempo indefinido, puede despedir al trabajador con menos de dos a\u00f1os en el empleo, invocando el art\u00edculo 212, numeral 1 del C\u00f3digo de Trabajo. En este caso tiene que pagar -adem\u00e1s de las prestaciones por derechos adquiridos que corresponden al final de toda terminaci\u00f3n laboral&#8211; el monto de la indemnizaci\u00f3n contemplada en el art\u00edculo 225 del C\u00f3digo de Trabajo. Sobre esta modalidad de despido, con base en el art\u00edculo 212 del C\u00f3digo de Trabajo, profundizamos en nuestro art\u00edculo <a href=\"https:\/\/molinapanama.com\/es\/el-despido-con-preaviso\/\">El despido con preaviso<\/a>.<\/p>\n<h4>Conclusi\u00f3n<\/h4>\n<p>Contratar trabajadores en modo temporal solo para evitar generar estabilidad laboral es una pr\u00e1ctica que suele resultar en m\u00e1s perjuicios que beneficios, para el propio empleador. Es una pr\u00e1ctica que resulta del desconocimiento de la ley laboral incluso entre empresarios con muchos a\u00f1os de experiencia. Hay ocasiones en que lo que parece un atajo para llegar a un destino, resulta m\u00e1s demorado y peligroso que el camino regular. El atajo del contrato temporal o por tiempo definido usado para evitar dar estabilidad al trabajador, es una de esas situaciones.<\/p>\n<p>Relacionados:<\/p>\n<div class=\"oceanwp-oembed-wrap clr\">\n<blockquote class=\"wp-embedded-content\" data-secret=\"eRjIz2mI25\"><p><a href=\"https:\/\/molinapanama.com\/es\/el-periodo-probatorio-en-el-contrato-de-trabajo\/\">El per\u00edodo probatorio en el contrato de trabajo<\/a><\/p><\/blockquote>\n<p><iframe class=\"wp-embedded-content\" sandbox=\"allow-scripts\" security=\"restricted\" style=\"position: absolute; visibility: hidden;\" title=\"\u00abEl per\u00edodo probatorio en el contrato de trabajo\u00bb \u2014 Molina y Asociados - Abogados en Panam\u00e1.\" src=\"https:\/\/molinapanama.com\/es\/el-periodo-probatorio-en-el-contrato-de-trabajo\/embed\/#?secret=ljZRNgZVgR#?secret=eRjIz2mI25\" data-secret=\"eRjIz2mI25\" width=\"600\" height=\"338\" frameborder=\"0\" marginwidth=\"0\" marginheight=\"0\" scrolling=\"no\"><\/iframe><\/div>\n<div class=\"oceanwp-oembed-wrap clr\">\n<blockquote class=\"wp-embedded-content\" data-secret=\"zhvSfLZePE\"><p><a href=\"https:\/\/molinapanama.com\/es\/el-despido-con-preaviso\/\">El despido con preaviso<\/a><\/p><\/blockquote>\n<p><iframe class=\"wp-embedded-content\" sandbox=\"allow-scripts\" security=\"restricted\" style=\"position: absolute; visibility: hidden;\" title=\"\u00abEl despido con preaviso\u00bb \u2014 Molina y Asociados - Abogados en Panam\u00e1.\" src=\"https:\/\/molinapanama.com\/es\/el-despido-con-preaviso\/embed\/#?secret=ayoLnYlps3#?secret=zhvSfLZePE\" data-secret=\"zhvSfLZePE\" width=\"600\" height=\"338\" frameborder=\"0\" marginwidth=\"0\" marginheight=\"0\" scrolling=\"no\"><\/iframe><\/div>\n","protected":false},"excerpt":{"rendered":"<p>A consulta nos llega con cierta frecuencia la situaci\u00f3n en que una empresa procura crear un contrato de trabajo por tiempo definido. No porque la empresa tenga una necesidad de llenar una plaza temporal, sino para evitar el generar estabilidad laboral para la persona contratada. Esta es una pr\u00e1ctica que no solo ri\u00f1e con la [&hellip;]<\/p>\n","protected":false},"author":2,"featured_media":0,"comment_status":"closed","ping_status":"closed","sticky":false,"template":"","format":"standard","meta":{"footnotes":""},"categories":[1],"tags":[18,11],"class_list":["post-1531","post","type-post","status-publish","format-standard","hentry","category-sin-categoria","tag-causales-de-despido","tag-derecho-laboral","entry"],"yoast_head":"<!-- This site is optimized with the Yoast SEO plugin v27.4 - https:\/\/yoast.com\/product\/yoast-seo-wordpress\/ -->\n<title>El mal uso del contrato de trabajo por tiempo definido - Molina y Asociados - Abogados en Panam\u00e1.<\/title>\n<meta name=\"description\" content=\"Descubre por qu\u00e9 el mal uso del contrato de trabajo por tiempo definido puede ser contraproducente para el empleador o empresa. Aprende sobre la legalidad y las implicaciones pr\u00e1cticas seg\u00fan el art\u00edculo 75 del C\u00f3digo de Trabajo en este art\u00edculo de Jaime Ra\u00fal Molina en Molina y Asociados.\" \/>\n<meta name=\"robots\" content=\"index, follow, max-snippet:-1, max-image-preview:large, max-video-preview:-1\" \/>\n<link rel=\"canonical\" href=\"https:\/\/molinapanama.com\/es\/el-mal-uso-del-contrato-de-trabajo-por-tiempo-definido\/\" \/>\n<meta property=\"og:locale\" content=\"es_ES\" \/>\n<meta property=\"og:type\" content=\"article\" \/>\n<meta property=\"og:title\" content=\"El mal uso del contrato de trabajo por tiempo definido - Molina y Asociados - Abogados en Panam\u00e1.\" \/>\n<meta property=\"og:description\" content=\"Descubre por qu\u00e9 el mal uso del contrato de trabajo por tiempo definido puede ser contraproducente para el empleador o empresa. Aprende sobre la legalidad y las implicaciones pr\u00e1cticas seg\u00fan el art\u00edculo 75 del C\u00f3digo de Trabajo en este art\u00edculo de Jaime Ra\u00fal Molina en Molina y Asociados.\" \/>\n<meta property=\"og:url\" content=\"https:\/\/molinapanama.com\/es\/el-mal-uso-del-contrato-de-trabajo-por-tiempo-definido\/\" \/>\n<meta property=\"og:site_name\" content=\"Molina y Asociados - Abogados en Panam\u00e1.\" \/>\n<meta property=\"article:published_time\" content=\"2024-05-15T01:24:18+00:00\" \/>\n<meta property=\"article:modified_time\" content=\"2026-01-18T18:02:19+00:00\" \/>\n<meta name=\"author\" content=\"Jaime Ra\u00fal Molina\" \/>\n<meta name=\"twitter:card\" content=\"summary_large_image\" \/>\n<meta name=\"twitter:label1\" content=\"Escrito por\" \/>\n\t<meta name=\"twitter:data1\" content=\"Jaime Ra\u00fal Molina\" \/>\n\t<meta name=\"twitter:label2\" content=\"Tiempo de lectura\" \/>\n\t<meta name=\"twitter:data2\" content=\"3 minutos\" \/>\n<script type=\"application\/ld+json\" class=\"yoast-schema-graph\">{\"@context\":\"https:\\\/\\\/schema.org\",\"@graph\":[{\"@type\":\"Article\",\"@id\":\"https:\\\/\\\/molinapanama.com\\\/es\\\/el-mal-uso-del-contrato-de-trabajo-por-tiempo-definido\\\/#article\",\"isPartOf\":{\"@id\":\"https:\\\/\\\/molinapanama.com\\\/es\\\/el-mal-uso-del-contrato-de-trabajo-por-tiempo-definido\\\/\"},\"author\":{\"name\":\"Jaime Ra\u00fal Molina\",\"@id\":\"https:\\\/\\\/molinapanama.com\\\/es\\\/#\\\/schema\\\/person\\\/8959e4ee62d7094e9affe2d11b254eeb\"},\"headline\":\"El mal uso del contrato de trabajo por tiempo definido\",\"datePublished\":\"2024-05-15T01:24:18+00:00\",\"dateModified\":\"2026-01-18T18:02:19+00:00\",\"mainEntityOfPage\":{\"@id\":\"https:\\\/\\\/molinapanama.com\\\/es\\\/el-mal-uso-del-contrato-de-trabajo-por-tiempo-definido\\\/\"},\"wordCount\":826,\"publisher\":{\"@id\":\"https:\\\/\\\/molinapanama.com\\\/es\\\/#organization\"},\"keywords\":[\"Causales de despido\",\"Derecho Laboral\"],\"inLanguage\":\"es\"},{\"@type\":\"WebPage\",\"@id\":\"https:\\\/\\\/molinapanama.com\\\/es\\\/el-mal-uso-del-contrato-de-trabajo-por-tiempo-definido\\\/\",\"url\":\"https:\\\/\\\/molinapanama.com\\\/es\\\/el-mal-uso-del-contrato-de-trabajo-por-tiempo-definido\\\/\",\"name\":\"El mal uso del contrato de trabajo por tiempo definido - Molina y Asociados - Abogados en Panam\u00e1.\",\"isPartOf\":{\"@id\":\"https:\\\/\\\/molinapanama.com\\\/es\\\/#website\"},\"datePublished\":\"2024-05-15T01:24:18+00:00\",\"dateModified\":\"2026-01-18T18:02:19+00:00\",\"description\":\"Descubre por qu\u00e9 el mal uso del contrato de trabajo por tiempo definido puede ser contraproducente para el empleador o empresa. Aprende sobre la legalidad y las implicaciones pr\u00e1cticas seg\u00fan el art\u00edculo 75 del C\u00f3digo de Trabajo en este art\u00edculo de Jaime Ra\u00fal Molina en Molina y Asociados.\",\"breadcrumb\":{\"@id\":\"https:\\\/\\\/molinapanama.com\\\/es\\\/el-mal-uso-del-contrato-de-trabajo-por-tiempo-definido\\\/#breadcrumb\"},\"inLanguage\":\"es\",\"potentialAction\":[{\"@type\":\"ReadAction\",\"target\":[\"https:\\\/\\\/molinapanama.com\\\/es\\\/el-mal-uso-del-contrato-de-trabajo-por-tiempo-definido\\\/\"]}]},{\"@type\":\"BreadcrumbList\",\"@id\":\"https:\\\/\\\/molinapanama.com\\\/es\\\/el-mal-uso-del-contrato-de-trabajo-por-tiempo-definido\\\/#breadcrumb\",\"itemListElement\":[{\"@type\":\"ListItem\",\"position\":1,\"name\":\"Portada\",\"item\":\"https:\\\/\\\/molinapanama.com\\\/es\\\/\"},{\"@type\":\"ListItem\",\"position\":2,\"name\":\"El mal uso del contrato de trabajo por tiempo definido\"}]},{\"@type\":\"WebSite\",\"@id\":\"https:\\\/\\\/molinapanama.com\\\/es\\\/#website\",\"url\":\"https:\\\/\\\/molinapanama.com\\\/es\\\/\",\"name\":\"Molina y Asociados - Abogados en Panam\u00e1.\",\"description\":\"\",\"publisher\":{\"@id\":\"https:\\\/\\\/molinapanama.com\\\/es\\\/#organization\"},\"potentialAction\":[{\"@type\":\"SearchAction\",\"target\":{\"@type\":\"EntryPoint\",\"urlTemplate\":\"https:\\\/\\\/molinapanama.com\\\/es\\\/?s={search_term_string}\"},\"query-input\":{\"@type\":\"PropertyValueSpecification\",\"valueRequired\":true,\"valueName\":\"search_term_string\"}}],\"inLanguage\":\"es\"},{\"@type\":\"Organization\",\"@id\":\"https:\\\/\\\/molinapanama.com\\\/es\\\/#organization\",\"name\":\"Molina y Asociados - Abogados en Panam\u00e1.\",\"url\":\"https:\\\/\\\/molinapanama.com\\\/es\\\/\",\"logo\":{\"@type\":\"ImageObject\",\"inLanguage\":\"es\",\"@id\":\"https:\\\/\\\/molinapanama.com\\\/es\\\/#\\\/schema\\\/logo\\\/image\\\/\",\"url\":\"https:\\\/\\\/molinapanama.com\\\/es\\\/wp-content\\\/uploads\\\/2022\\\/12\\\/logo-molina-y-asociados.png\",\"contentUrl\":\"https:\\\/\\\/molinapanama.com\\\/es\\\/wp-content\\\/uploads\\\/2022\\\/12\\\/logo-molina-y-asociados.png\",\"width\":467,\"height\":101,\"caption\":\"Molina y Asociados - Abogados en Panam\u00e1.\"},\"image\":{\"@id\":\"https:\\\/\\\/molinapanama.com\\\/es\\\/#\\\/schema\\\/logo\\\/image\\\/\"}},{\"@type\":\"Person\",\"@id\":\"https:\\\/\\\/molinapanama.com\\\/es\\\/#\\\/schema\\\/person\\\/8959e4ee62d7094e9affe2d11b254eeb\",\"name\":\"Jaime Ra\u00fal Molina\",\"image\":{\"@type\":\"ImageObject\",\"inLanguage\":\"es\",\"@id\":\"https:\\\/\\\/secure.gravatar.com\\\/avatar\\\/fb4e69ff3bd8d94f397ae13c43d17e1b53fa6003df59b7849227e9428745e89b?s=96&d=mm&r=g\",\"url\":\"https:\\\/\\\/secure.gravatar.com\\\/avatar\\\/fb4e69ff3bd8d94f397ae13c43d17e1b53fa6003df59b7849227e9428745e89b?s=96&d=mm&r=g\",\"contentUrl\":\"https:\\\/\\\/secure.gravatar.com\\\/avatar\\\/fb4e69ff3bd8d94f397ae13c43d17e1b53fa6003df59b7849227e9428745e89b?s=96&d=mm&r=g\",\"caption\":\"Jaime Ra\u00fal Molina\"},\"url\":\"https:\\\/\\\/molinapanama.com\\\/es\\\/author\\\/adminm\\\/\"}]}<\/script>\n<!-- \/ Yoast SEO plugin. -->","yoast_head_json":{"title":"El mal uso del contrato de trabajo por tiempo definido - Molina y Asociados - Abogados en Panam\u00e1.","description":"Descubre por qu\u00e9 el mal uso del contrato de trabajo por tiempo definido puede ser contraproducente para el empleador o empresa. Aprende sobre la legalidad y las implicaciones pr\u00e1cticas seg\u00fan el art\u00edculo 75 del C\u00f3digo de Trabajo en este art\u00edculo de Jaime Ra\u00fal Molina en Molina y Asociados.","robots":{"index":"index","follow":"follow","max-snippet":"max-snippet:-1","max-image-preview":"max-image-preview:large","max-video-preview":"max-video-preview:-1"},"canonical":"https:\/\/molinapanama.com\/es\/el-mal-uso-del-contrato-de-trabajo-por-tiempo-definido\/","og_locale":"es_ES","og_type":"article","og_title":"El mal uso del contrato de trabajo por tiempo definido - Molina y Asociados - Abogados en Panam\u00e1.","og_description":"Descubre por qu\u00e9 el mal uso del contrato de trabajo por tiempo definido puede ser contraproducente para el empleador o empresa. Aprende sobre la legalidad y las implicaciones pr\u00e1cticas seg\u00fan el art\u00edculo 75 del C\u00f3digo de Trabajo en este art\u00edculo de Jaime Ra\u00fal Molina en Molina y Asociados.","og_url":"https:\/\/molinapanama.com\/es\/el-mal-uso-del-contrato-de-trabajo-por-tiempo-definido\/","og_site_name":"Molina y Asociados - Abogados en Panam\u00e1.","article_published_time":"2024-05-15T01:24:18+00:00","article_modified_time":"2026-01-18T18:02:19+00:00","author":"Jaime Ra\u00fal Molina","twitter_card":"summary_large_image","twitter_misc":{"Escrito por":"Jaime Ra\u00fal Molina","Tiempo de lectura":"3 minutos"},"schema":{"@context":"https:\/\/schema.org","@graph":[{"@type":"Article","@id":"https:\/\/molinapanama.com\/es\/el-mal-uso-del-contrato-de-trabajo-por-tiempo-definido\/#article","isPartOf":{"@id":"https:\/\/molinapanama.com\/es\/el-mal-uso-del-contrato-de-trabajo-por-tiempo-definido\/"},"author":{"name":"Jaime Ra\u00fal Molina","@id":"https:\/\/molinapanama.com\/es\/#\/schema\/person\/8959e4ee62d7094e9affe2d11b254eeb"},"headline":"El mal uso del contrato de trabajo por tiempo definido","datePublished":"2024-05-15T01:24:18+00:00","dateModified":"2026-01-18T18:02:19+00:00","mainEntityOfPage":{"@id":"https:\/\/molinapanama.com\/es\/el-mal-uso-del-contrato-de-trabajo-por-tiempo-definido\/"},"wordCount":826,"publisher":{"@id":"https:\/\/molinapanama.com\/es\/#organization"},"keywords":["Causales de despido","Derecho Laboral"],"inLanguage":"es"},{"@type":"WebPage","@id":"https:\/\/molinapanama.com\/es\/el-mal-uso-del-contrato-de-trabajo-por-tiempo-definido\/","url":"https:\/\/molinapanama.com\/es\/el-mal-uso-del-contrato-de-trabajo-por-tiempo-definido\/","name":"El mal uso del contrato de trabajo por tiempo definido - Molina y Asociados - Abogados en Panam\u00e1.","isPartOf":{"@id":"https:\/\/molinapanama.com\/es\/#website"},"datePublished":"2024-05-15T01:24:18+00:00","dateModified":"2026-01-18T18:02:19+00:00","description":"Descubre por qu\u00e9 el mal uso del contrato de trabajo por tiempo definido puede ser contraproducente para el empleador o empresa. Aprende sobre la legalidad y las implicaciones pr\u00e1cticas seg\u00fan el art\u00edculo 75 del C\u00f3digo de Trabajo en este art\u00edculo de Jaime Ra\u00fal Molina en Molina y Asociados.","breadcrumb":{"@id":"https:\/\/molinapanama.com\/es\/el-mal-uso-del-contrato-de-trabajo-por-tiempo-definido\/#breadcrumb"},"inLanguage":"es","potentialAction":[{"@type":"ReadAction","target":["https:\/\/molinapanama.com\/es\/el-mal-uso-del-contrato-de-trabajo-por-tiempo-definido\/"]}]},{"@type":"BreadcrumbList","@id":"https:\/\/molinapanama.com\/es\/el-mal-uso-del-contrato-de-trabajo-por-tiempo-definido\/#breadcrumb","itemListElement":[{"@type":"ListItem","position":1,"name":"Portada","item":"https:\/\/molinapanama.com\/es\/"},{"@type":"ListItem","position":2,"name":"El mal uso del contrato de trabajo por tiempo definido"}]},{"@type":"WebSite","@id":"https:\/\/molinapanama.com\/es\/#website","url":"https:\/\/molinapanama.com\/es\/","name":"Molina y Asociados - Abogados en Panam\u00e1.","description":"","publisher":{"@id":"https:\/\/molinapanama.com\/es\/#organization"},"potentialAction":[{"@type":"SearchAction","target":{"@type":"EntryPoint","urlTemplate":"https:\/\/molinapanama.com\/es\/?s={search_term_string}"},"query-input":{"@type":"PropertyValueSpecification","valueRequired":true,"valueName":"search_term_string"}}],"inLanguage":"es"},{"@type":"Organization","@id":"https:\/\/molinapanama.com\/es\/#organization","name":"Molina y Asociados - Abogados en Panam\u00e1.","url":"https:\/\/molinapanama.com\/es\/","logo":{"@type":"ImageObject","inLanguage":"es","@id":"https:\/\/molinapanama.com\/es\/#\/schema\/logo\/image\/","url":"https:\/\/molinapanama.com\/es\/wp-content\/uploads\/2022\/12\/logo-molina-y-asociados.png","contentUrl":"https:\/\/molinapanama.com\/es\/wp-content\/uploads\/2022\/12\/logo-molina-y-asociados.png","width":467,"height":101,"caption":"Molina y Asociados - Abogados en Panam\u00e1."},"image":{"@id":"https:\/\/molinapanama.com\/es\/#\/schema\/logo\/image\/"}},{"@type":"Person","@id":"https:\/\/molinapanama.com\/es\/#\/schema\/person\/8959e4ee62d7094e9affe2d11b254eeb","name":"Jaime Ra\u00fal Molina","image":{"@type":"ImageObject","inLanguage":"es","@id":"https:\/\/secure.gravatar.com\/avatar\/fb4e69ff3bd8d94f397ae13c43d17e1b53fa6003df59b7849227e9428745e89b?s=96&d=mm&r=g","url":"https:\/\/secure.gravatar.com\/avatar\/fb4e69ff3bd8d94f397ae13c43d17e1b53fa6003df59b7849227e9428745e89b?s=96&d=mm&r=g","contentUrl":"https:\/\/secure.gravatar.com\/avatar\/fb4e69ff3bd8d94f397ae13c43d17e1b53fa6003df59b7849227e9428745e89b?s=96&d=mm&r=g","caption":"Jaime Ra\u00fal Molina"},"url":"https:\/\/molinapanama.com\/es\/author\/adminm\/"}]}},"jetpack_featured_media_url":"","_links":{"self":[{"href":"https:\/\/molinapanama.com\/es\/wp-json\/wp\/v2\/posts\/1531","targetHints":{"allow":["GET"]}}],"collection":[{"href":"https:\/\/molinapanama.com\/es\/wp-json\/wp\/v2\/posts"}],"about":[{"href":"https:\/\/molinapanama.com\/es\/wp-json\/wp\/v2\/types\/post"}],"author":[{"embeddable":true,"href":"https:\/\/molinapanama.com\/es\/wp-json\/wp\/v2\/users\/2"}],"replies":[{"embeddable":true,"href":"https:\/\/molinapanama.com\/es\/wp-json\/wp\/v2\/comments?post=1531"}],"version-history":[{"count":5,"href":"https:\/\/molinapanama.com\/es\/wp-json\/wp\/v2\/posts\/1531\/revisions"}],"predecessor-version":[{"id":1680,"href":"https:\/\/molinapanama.com\/es\/wp-json\/wp\/v2\/posts\/1531\/revisions\/1680"}],"wp:attachment":[{"href":"https:\/\/molinapanama.com\/es\/wp-json\/wp\/v2\/media?parent=1531"}],"wp:term":[{"taxonomy":"category","embeddable":true,"href":"https:\/\/molinapanama.com\/es\/wp-json\/wp\/v2\/categories?post=1531"},{"taxonomy":"post_tag","embeddable":true,"href":"https:\/\/molinapanama.com\/es\/wp-json\/wp\/v2\/tags?post=1531"}],"curies":[{"name":"wp","href":"https:\/\/api.w.org\/{rel}","templated":true}]}}